{"id":1506,"date":"2023-07-07T11:57:27","date_gmt":"2023-07-07T09:57:27","guid":{"rendered":"https:\/\/www.faltradxxs.de\/blog\/?p=1506"},"modified":"2023-11-06T13:35:20","modified_gmt":"2023-11-06T12:35:20","slug":"carla-cargo-neu-im-sortiment","status":"publish","type":"post","link":"https:\/\/www.faltradxxs.de\/blog\/carla-cargo-neu-im-sortiment\/","title":{"rendered":"Carla Cargo NEU im Sortiment!"},"content":{"rendered":"<p>Du m\u00f6chtest eine emissionsfreie Alternative zum Auto? Wie w\u00e4re es denn mit dem Carla Cargo Fahrrad-Lastenanh\u00e4nger! Ja <!--more-->SUPER \u2026 rein zuf\u00e4llig haben wir jetzt die Carla Cargo Lastenanh\u00e4nger NEU im Sortiment!<\/p>\n\n\n<figure class=\"wp-block-image size-full\"><img loading=\"lazy\" decoding=\"async\" width=\"524\" height=\"521\" src=\"https:\/\/www.faltradxxs.de\/blog\/wp-content\/uploads\/2023\/07\/kai_carla_cargo.jpg\" alt=\"\" class=\"wp-image-1510\" srcset=\"https:\/\/www.faltradxxs.de\/blog\/wp-content\/uploads\/2023\/07\/kai_carla_cargo.jpg 524w, https:\/\/www.faltradxxs.de\/blog\/wp-content\/uploads\/2023\/07\/kai_carla_cargo-300x298.jpg 300w, https:\/\/www.faltradxxs.de\/blog\/wp-content\/uploads\/2023\/07\/kai_carla_cargo-150x150.jpg 150w, https:\/\/www.faltradxxs.de\/blog\/wp-content\/uploads\/2023\/07\/kai_carla_cargo-100x100.jpg 100w\" sizes=\"auto, (max-width: 524px) 100vw, 524px\" \/><figcaption class=\"wp-element-caption\">Kai ist begeistert vom <a href=\"https:\/\/www.faltradxxs.de\/1603-Zubehoer\/2634-Carla-Cargo\/\" title=\"\">Carla Cargo<\/a>!<\/figcaption><\/figure>\n\n\n<h2>Der Carla Cargo Carla pro Lastenanh\u00e4nger inkl. Bob Box<\/h2>\n<p><a href=\"https:\/\/www.faltradxxs.de\/carla-cargo-carla-pro-lastenanhaenger-inkl-bob-box.html\">CARLA<\/a> ist ein widerstandsf\u00e4higer Fahrradanh\u00e4nger, der mit den meisten normalen Fahrr\u00e4dern gekoppelt werden kann und problemlos 200 kg Last transportiert. CARLA zeichnet sich durch herausragende Agilit\u00e4t und einen sehr kleinen Wendekreis aus.<br \/>Deine Vorteile:<br \/>Eine gro\u00dfe Ladefl\u00e4che (L\u00e4nge 1650 mm x Breite 650 mm), mit einem Ladevolumen von bis zu 1,5 m\u00b3.<br \/><a href=\"https:\/\/www.faltradxxs.de\/carla-cargo-carla-pro-lastenanhaenger-inkl-bob-box.html\">Der Carla<\/a> hat ein Gewicht ca. 42 kg, mit einer Zuladung bis zu 200 kg, als Lastenanh\u00e4nger und Handwagen verf\u00fcgt er \u00fcber eine innovative mechanische Auflaufbremse. 20 Zoll Hohlkammerfelgen schm\u00fccken die Bereifung. Ein Radnabendynamo befindet sich im Vorderrad (inkl. LED R\u00fccklicht).<br \/>Die Kombination mit vielen E-Bikes ist m\u00f6glich, der <a href=\"https:\/\/www.faltradxxs.de\/carla-cargo-carla-pro-lastenanhaenger-inkl-bob-box.html\">Fahrradanh\u00e4nger<\/a> verf\u00fcgt \u00fcber einen stabiler Rahmen aus Stahlrohr. Mechanische Scheibenbremse befinden sich an den Hinterr\u00e4dern.<br \/>Nach StVO zugelassen. Losfahren gew\u00fcnscht!<\/p>\n\n\n<figure class=\"wp-block-gallery has-nested-images columns-default is-cropped wp-block-gallery-1 is-layout-flex wp-block-gallery-is-layout-flex\">\n<figure class=\"wp-block-image size-large\"><img loading=\"lazy\" decoding=\"async\" width=\"524\" height=\"392\" data-id=\"1516\" src=\"https:\/\/www.faltradxxs.de\/blog\/wp-content\/uploads\/2023\/07\/carla-cargo.jpg\" alt=\"\" class=\"wp-image-1516\" srcset=\"https:\/\/www.faltradxxs.de\/blog\/wp-content\/uploads\/2023\/07\/carla-cargo.jpg 524w, https:\/\/www.faltradxxs.de\/blog\/wp-content\/uploads\/2023\/07\/carla-cargo-300x224.jpg 300w\" sizes=\"auto, (max-width: 524px) 100vw, 524px\" \/><figcaption class=\"wp-element-caption\"><a href=\"https:\/\/www.faltradxxs.de\/carla-cargo-carla-pro-lastenanhaenger-inkl-bob-box.html\" title=\"\">Carla Cargo Carla<\/a><\/figcaption><\/figure>\n\n\n\n<figure class=\"wp-block-image size-large\"><img loading=\"lazy\" decoding=\"async\" width=\"524\" height=\"361\" data-id=\"1515\" src=\"https:\/\/www.faltradxxs.de\/blog\/wp-content\/uploads\/2023\/07\/carla_cargo2.jpg\" alt=\"\" class=\"wp-image-1515\" srcset=\"https:\/\/www.faltradxxs.de\/blog\/wp-content\/uploads\/2023\/07\/carla_cargo2.jpg 524w, https:\/\/www.faltradxxs.de\/blog\/wp-content\/uploads\/2023\/07\/carla_cargo2-300x207.jpg 300w\" sizes=\"auto, (max-width: 524px) 100vw, 524px\" \/><figcaption class=\"wp-element-caption\"><a href=\"https:\/\/www.faltradxxs.de\/carla-cargo-carla-pro-lastenanhaenger-inkl-bob-box.html\" title=\"\">Carla Cargo Carla<\/a><\/figcaption><\/figure>\n\n\n\n<figure class=\"wp-block-image size-large\"><img loading=\"lazy\" decoding=\"async\" width=\"524\" height=\"340\" data-id=\"1517\" src=\"https:\/\/www.faltradxxs.de\/blog\/wp-content\/uploads\/2023\/07\/carla_cargo.jpg\" alt=\"\" class=\"wp-image-1517\" srcset=\"https:\/\/www.faltradxxs.de\/blog\/wp-content\/uploads\/2023\/07\/carla_cargo.jpg 524w, https:\/\/www.faltradxxs.de\/blog\/wp-content\/uploads\/2023\/07\/carla_cargo-300x195.jpg 300w\" sizes=\"auto, (max-width: 524px) 100vw, 524px\" \/><figcaption class=\"wp-element-caption\"><a href=\"https:\/\/www.faltradxxs.de\/carla-cargo-carla-pro-lastenanhaenger-inkl-bob-box.html\" title=\"\">Carla Cargo Carla<\/a><\/figcaption><\/figure>\n<\/figure>\n","protected":false},"excerpt":{"rendered":"<p>Carla Cargo Fahrrad-Lastenanh\u00e4nger NEU im Sortiment!<\/p>\n","protected":false},"author":3,"featured_media":1507,"comment_status":"closed","ping_status":"closed","sticky":false,"template":"","format":"standard","meta":{"footnotes":""},"categories":[6],"tags":[338,339,340,341,336,337,342],"class_list":["post-1506","post","type-post","status-publish","format-standard","has-post-thumbnail","hentry","category-neuheiten","tag-carla-cargo-lastanhaenger","tag-carla-cargo-schwerlastanhaenger","tag-fuer-faltraeder","tag-karla-cargo","tag-schwerlast-anhaenger","tag-schwerlastanhaenfer","tag-tern-carla-cargo"],"aioseo_notices":[],"_links":{"self":[{"href":"https:\/\/www.faltradxxs.de\/blog\/wp-json\/wp\/v2\/posts\/1506","targetHints":{"allow":["GET"]}}],"collection":[{"href":"https:\/\/www.faltradxxs.de\/blog\/wp-json\/wp\/v2\/posts"}],"about":[{"href":"https:\/\/www.faltradxxs.de\/blog\/wp-json\/wp\/v2\/types\/post"}],"author":[{"embeddable":true,"href":"https:\/\/www.faltradxxs.de\/blog\/wp-json\/wp\/v2\/users\/3"}],"replies":[{"embeddable":true,"href":"https:\/\/www.faltradxxs.de\/blog\/wp-json\/wp\/v2\/comments?post=1506"}],"version-history":[{"count":8,"href":"https:\/\/www.faltradxxs.de\/blog\/wp-json\/wp\/v2\/posts\/1506\/revisions"}],"predecessor-version":[{"id":1519,"href":"https:\/\/www.faltradxxs.de\/blog\/wp-json\/wp\/v2\/posts\/1506\/revisions\/1519"}],"wp:featuredmedia":[{"embeddable":true,"href":"https:\/\/www.faltradxxs.de\/blog\/wp-json\/wp\/v2\/media\/1507"}],"wp:attachment":[{"href":"https:\/\/www.faltradxxs.de\/blog\/wp-json\/wp\/v2\/media?parent=1506"}],"wp:term":[{"taxonomy":"category","embeddable":true,"href":"https:\/\/www.faltradxxs.de\/blog\/wp-json\/wp\/v2\/categories?post=1506"},{"taxonomy":"post_tag","embeddable":true,"href":"https:\/\/www.faltradxxs.de\/blog\/wp-json\/wp\/v2\/tags?post=1506"}],"curies":[{"name":"wp","href":"https:\/\/api.w.org\/{rel}","templated":true}]}}