{"id":370,"date":"2018-06-12T07:09:10","date_gmt":"2018-06-12T07:09:10","guid":{"rendered":"https:\/\/www.faltradxxs.de\/blog\/?p=370"},"modified":"2018-06-12T07:09:10","modified_gmt":"2018-06-12T07:09:10","slug":"ole-ole-pimp-my-bike","status":"publish","type":"post","link":"https:\/\/www.faltradxxs.de\/blog\/ole-ole-pimp-my-bike\/","title":{"rendered":"Ol\u00e9. Ol\u00e9 . . .Pimp my bike!"},"content":{"rendered":"<p>Ab dem 14. Juni ist das wichtigste Accessoire nat\u00fcrlich die . . .<br \/>\nDEUTSCHLANDFAHNE!<br \/>\nFalls du dein Faltrad nicht nur zur Fu\u00dfball-WM ein wenig aufmotzen m\u00f6chtest und du hast noch keine Ideen, dann haben wir in unserem Blog ein paar Vorschl\u00e4ge f\u00fcr dich und dein Bike.<\/p>\n<p>Bei Faltradgriffen kannst du es sch\u00f6n bequem haben, robust und hart oder ergonomisch und sportlich f\u00fcr den gesundheitlichen Aspekt. <!--more-->Die Entscheidung liegt ganz bei dir.<\/p>\n<p>Mehr Informationen findest du <a href=\"https:\/\/www.faltradxxs.de\/1603-Zubehoer\/2153-Griffe\/\">HIER!<\/a><\/p>\n<div id='gallery-1' class='gallery galleryid-370 gallery-columns-3 gallery-size-thumbnail'><figure class='gallery-item'>\n\t\t\t<div class='gallery-icon landscape'>\n\t\t\t\t<a href='https:\/\/www.faltradxxs.de\/blog\/ole-ole-pimp-my-bike\/ergon_gs2\/'><img loading=\"lazy\" decoding=\"async\" width=\"150\" height=\"150\" src=\"https:\/\/www.faltradxxs.de\/blog\/wp-content\/uploads\/2018\/06\/ERGON_GS2-150x150.jpg\" class=\"attachment-thumbnail size-thumbnail\" alt=\"\" aria-describedby=\"gallery-1-371\" srcset=\"https:\/\/www.faltradxxs.de\/blog\/wp-content\/uploads\/2018\/06\/ERGON_GS2-150x150.jpg 150w, https:\/\/www.faltradxxs.de\/blog\/wp-content\/uploads\/2018\/06\/ERGON_GS2-100x100.jpg 100w\" sizes=\"auto, 100vw\" \/><\/a>\n\t\t\t<\/div>\n\t\t\t\t<figcaption class='wp-caption-text gallery-caption' id='gallery-1-371'>\n\t\t\t\tErgon Handgriff Griff \n\t\t\t\t<\/figcaption><\/figure><figure class='gallery-item'>\n\t\t\t<div class='gallery-icon landscape'>\n\t\t\t\t<a href='https:\/\/www.faltradxxs.de\/blog\/ole-ole-pimp-my-bike\/ergon_handgriff_griff_gp1\/'><img loading=\"lazy\" decoding=\"async\" width=\"150\" height=\"150\" src=\"https:\/\/www.faltradxxs.de\/blog\/wp-content\/uploads\/2018\/06\/Ergon_Handgriff_Griff_GP1-150x150.jpg\" class=\"attachment-thumbnail size-thumbnail\" alt=\"\" aria-describedby=\"gallery-1-372\" srcset=\"https:\/\/www.faltradxxs.de\/blog\/wp-content\/uploads\/2018\/06\/Ergon_Handgriff_Griff_GP1-150x150.jpg 150w, https:\/\/www.faltradxxs.de\/blog\/wp-content\/uploads\/2018\/06\/Ergon_Handgriff_Griff_GP1-100x100.jpg 100w\" sizes=\"auto, 100vw\" \/><\/a>\n\t\t\t<\/div>\n\t\t\t\t<figcaption class='wp-caption-text gallery-caption' id='gallery-1-372'>\n\t\t\t\tErgon Handgriff Griff GP1 Bio Leder braun\n\t\t\t\t<\/figcaption><\/figure><figure class='gallery-item'>\n\t\t\t<div class='gallery-icon landscape'>\n\t\t\t\t<a href='https:\/\/www.faltradxxs.de\/blog\/ole-ole-pimp-my-bike\/brooks_slender_grips\/'><img loading=\"lazy\" decoding=\"async\" width=\"150\" height=\"150\" src=\"https:\/\/www.faltradxxs.de\/blog\/wp-content\/uploads\/2018\/06\/Brooks_Slender_Grips-150x150.jpg\" class=\"attachment-thumbnail size-thumbnail\" alt=\"\" aria-describedby=\"gallery-1-373\" srcset=\"https:\/\/www.faltradxxs.de\/blog\/wp-content\/uploads\/2018\/06\/Brooks_Slender_Grips-150x150.jpg 150w, https:\/\/www.faltradxxs.de\/blog\/wp-content\/uploads\/2018\/06\/Brooks_Slender_Grips-100x100.jpg 100w\" sizes=\"auto, 100vw\" \/><\/a>\n\t\t\t<\/div>\n\t\t\t\t<figcaption class='wp-caption-text gallery-caption' id='gallery-1-373'>\n\t\t\t\tBrooks Slender Grips Leder Handgriffe\n\t\t\t\t<\/figcaption><\/figure>\n\t\t<\/div>\n\n<p>Der Faltradsattel oder das M\u00e4rchen, viel Polsterung gleich viel Komfort. Eine gro\u00dfz\u00fcgige Polsterung bringt nicht den gew\u00fcnschten Effekt von einem bequemen Sitzkomfort. Sehr wichtig ist, dass Sattel und Sitzposition in einer guten Wechselwirkung miteinander stehen.<br \/>\nMehr Informationen findest du <a href=\"https:\/\/www.faltradxxs.de\/1603-Zubehoer\/2138-Saettel\/\">HIER!<\/a><\/p>\n<div id='gallery-2' class='gallery galleryid-370 gallery-columns-3 gallery-size-thumbnail'><figure class='gallery-item'>\n\t\t\t<div class='gallery-icon landscape'>\n\t\t\t\t<a href='https:\/\/www.faltradxxs.de\/blog\/ole-ole-pimp-my-bike\/brompton_original\/'><img loading=\"lazy\" decoding=\"async\" width=\"150\" height=\"150\" src=\"https:\/\/www.faltradxxs.de\/blog\/wp-content\/uploads\/2018\/06\/Brompton_Original-150x150.jpg\" class=\"attachment-thumbnail size-thumbnail\" alt=\"\" aria-describedby=\"gallery-2-374\" srcset=\"https:\/\/www.faltradxxs.de\/blog\/wp-content\/uploads\/2018\/06\/Brompton_Original-150x150.jpg 150w, https:\/\/www.faltradxxs.de\/blog\/wp-content\/uploads\/2018\/06\/Brompton_Original-100x100.jpg 100w\" sizes=\"auto, 100vw\" \/><\/a>\n\t\t\t<\/div>\n\t\t\t\t<figcaption class='wp-caption-text gallery-caption' id='gallery-2-374'>\n\t\t\t\tBrompton Original Sattel farbig\n\n\t\t\t\t<\/figcaption><\/figure><figure class='gallery-item'>\n\t\t\t<div class='gallery-icon landscape'>\n\t\t\t\t<a href='https:\/\/www.faltradxxs.de\/blog\/ole-ole-pimp-my-bike\/selle_smp_selle_smp\/'><img loading=\"lazy\" decoding=\"async\" width=\"150\" height=\"150\" src=\"https:\/\/www.faltradxxs.de\/blog\/wp-content\/uploads\/2018\/06\/Selle_SMP_SELLE_SMP-150x150.jpg\" class=\"attachment-thumbnail size-thumbnail\" alt=\"\" aria-describedby=\"gallery-2-375\" srcset=\"https:\/\/www.faltradxxs.de\/blog\/wp-content\/uploads\/2018\/06\/Selle_SMP_SELLE_SMP-150x150.jpg 150w, https:\/\/www.faltradxxs.de\/blog\/wp-content\/uploads\/2018\/06\/Selle_SMP_SELLE_SMP-100x100.jpg 100w\" sizes=\"auto, 100vw\" \/><\/a>\n\t\t\t<\/div>\n\t\t\t\t<figcaption class='wp-caption-text gallery-caption' id='gallery-2-375'>\n\t\t\t\tSelle SMP SELLE SMP Trekkingsattel TRK Gel Damen\n\t\t\t\t<\/figcaption><\/figure><figure class='gallery-item'>\n\t\t\t<div class='gallery-icon landscape'>\n\t\t\t\t<a href='https:\/\/www.faltradxxs.de\/blog\/ole-ole-pimp-my-bike\/neu-ergon-st-core\/'><img loading=\"lazy\" decoding=\"async\" width=\"150\" height=\"150\" src=\"https:\/\/www.faltradxxs.de\/blog\/wp-content\/uploads\/2018\/06\/Neu-Ergon-ST-Core-150x150.jpg\" class=\"attachment-thumbnail size-thumbnail\" alt=\"\" aria-describedby=\"gallery-2-376\" srcset=\"https:\/\/www.faltradxxs.de\/blog\/wp-content\/uploads\/2018\/06\/Neu-Ergon-ST-Core-150x150.jpg 150w, https:\/\/www.faltradxxs.de\/blog\/wp-content\/uploads\/2018\/06\/Neu-Ergon-ST-Core-100x100.jpg 100w\" sizes=\"auto, 100vw\" \/><\/a>\n\t\t\t<\/div>\n\t\t\t\t<figcaption class='wp-caption-text gallery-caption' id='gallery-2-376'>\n\t\t\t\tErgon Core Touring Prime Men GR S\/M\n\t\t\t\t<\/figcaption><\/figure>\n\t\t<\/div>\n\n<p>Faltpedale sind die direkte Verbindung zwischen dir und deinem Bike, sie schaffen nicht nur eine feste Verbindung zu deinem Fu\u00df, sondern sie schauen auch je nach Modell sportlich und dynamisch aus. Nicht mehr abrutschen war gestern, heute ist auch Style gefragt.<br \/>\nMehr Informationen findest du<a href=\"https:\/\/www.faltradxxs.de\/1603-Zubehoer\/2166-Pedalen\/\"> HIER!<\/a><\/p>\n<div id='gallery-3' class='gallery galleryid-370 gallery-columns-3 gallery-size-thumbnail'><figure class='gallery-item'>\n\t\t\t<div class='gallery-icon landscape'>\n\t\t\t\t<a href='https:\/\/www.faltradxxs.de\/blog\/ole-ole-pimp-my-bike\/mks_promenade_ezy\/'><img loading=\"lazy\" decoding=\"async\" width=\"150\" height=\"150\" src=\"https:\/\/www.faltradxxs.de\/blog\/wp-content\/uploads\/2018\/06\/MKS_Promenade_Ezy-150x150.jpg\" class=\"attachment-thumbnail size-thumbnail\" alt=\"\" aria-describedby=\"gallery-3-377\" srcset=\"https:\/\/www.faltradxxs.de\/blog\/wp-content\/uploads\/2018\/06\/MKS_Promenade_Ezy-150x150.jpg 150w, https:\/\/www.faltradxxs.de\/blog\/wp-content\/uploads\/2018\/06\/MKS_Promenade_Ezy-100x100.jpg 100w\" sizes=\"auto, 100vw\" \/><\/a>\n\t\t\t<\/div>\n\t\t\t\t<figcaption class='wp-caption-text gallery-caption' id='gallery-3-377'>\n\t\t\t\tMKS Promenade Ezy Farbe Titan Steckpedalen\n\t\t\t\t<\/figcaption><\/figure><figure class='gallery-item'>\n\t\t\t<div class='gallery-icon landscape'>\n\t\t\t\t<a href='https:\/\/www.faltradxxs.de\/blog\/ole-ole-pimp-my-bike\/tern_faltpedalen\/'><img loading=\"lazy\" decoding=\"async\" width=\"150\" height=\"150\" src=\"https:\/\/www.faltradxxs.de\/blog\/wp-content\/uploads\/2018\/06\/Tern_Faltpedalen-150x150.jpg\" class=\"attachment-thumbnail size-thumbnail\" alt=\"\" aria-describedby=\"gallery-3-378\" srcset=\"https:\/\/www.faltradxxs.de\/blog\/wp-content\/uploads\/2018\/06\/Tern_Faltpedalen-150x150.jpg 150w, https:\/\/www.faltradxxs.de\/blog\/wp-content\/uploads\/2018\/06\/Tern_Faltpedalen-100x100.jpg 100w\" sizes=\"auto, 100vw\" \/><\/a>\n\t\t\t<\/div>\n\t\t\t\t<figcaption class='wp-caption-text gallery-caption' id='gallery-3-378'>\n\t\t\t\tTern Faltpedalen schwarz \n\t\t\t\t<\/figcaption><\/figure><figure class='gallery-item'>\n\t\t\t<div class='gallery-icon landscape'>\n\t\t\t\t<a href='https:\/\/www.faltradxxs.de\/blog\/ole-ole-pimp-my-bike\/mks_mt-e-ezy\/'><img loading=\"lazy\" decoding=\"async\" width=\"150\" height=\"150\" src=\"https:\/\/www.faltradxxs.de\/blog\/wp-content\/uploads\/2018\/06\/MKS_MT-E-Ezy-150x150.jpg\" class=\"attachment-thumbnail size-thumbnail\" alt=\"\" aria-describedby=\"gallery-3-379\" srcset=\"https:\/\/www.faltradxxs.de\/blog\/wp-content\/uploads\/2018\/06\/MKS_MT-E-Ezy-150x150.jpg 150w, https:\/\/www.faltradxxs.de\/blog\/wp-content\/uploads\/2018\/06\/MKS_MT-E-Ezy-100x100.jpg 100w\" sizes=\"auto, 100vw\" \/><\/a>\n\t\t\t<\/div>\n\t\t\t\t<figcaption class='wp-caption-text gallery-caption' id='gallery-3-379'>\n\t\t\t\tMKS MT-E Ezy schwarz Steckpedale\n\t\t\t\t<\/figcaption><\/figure>\n\t\t<\/div>\n\n<p>&nbsp;<\/p>\n","protected":false},"excerpt":{"rendered":"<p>Ab dem 14. Juni ist das wichtigste Accessoire nat\u00fcrlich die . . . DEUTSCHLANDFAHNE! Falls du dein Faltrad nicht nur zur Fu\u00dfball-WM ein wenig aufmotzen m\u00f6chtest und du hast noch keine Ideen, dann haben wir in unserem Blog ein paar Vorschl\u00e4ge f\u00fcr dich und dein Bike. Bei Faltradgriffen kannst du es sch\u00f6n bequem haben, robust &hellip; <\/p>\n<p class=\"link-more\"><a href=\"https:\/\/www.faltradxxs.de\/blog\/ole-ole-pimp-my-bike\/\" class=\"more-link\">Continue reading<span class=\"screen-reader-text\"> &#8222;Ol\u00e9. Ol\u00e9 . . .Pimp my bike!&#8220;<\/span><\/a><\/p>\n","protected":false},"author":3,"featured_media":381,"comment_status":"closed","ping_status":"closed","sticky":false,"template":"","format":"standard","meta":{"footnotes":""},"categories":[8,7],"tags":[],"class_list":["post-370","post","type-post","status-publish","format-standard","has-post-thumbnail","hentry","category-aktuelles","category-tipps-und-trends"],"aioseo_notices":[],"_links":{"self":[{"href":"https:\/\/www.faltradxxs.de\/blog\/wp-json\/wp\/v2\/posts\/370","targetHints":{"allow":["GET"]}}],"collection":[{"href":"https:\/\/www.faltradxxs.de\/blog\/wp-json\/wp\/v2\/posts"}],"about":[{"href":"https:\/\/www.faltradxxs.de\/blog\/wp-json\/wp\/v2\/types\/post"}],"author":[{"embeddable":true,"href":"https:\/\/www.faltradxxs.de\/blog\/wp-json\/wp\/v2\/users\/3"}],"replies":[{"embeddable":true,"href":"https:\/\/www.faltradxxs.de\/blog\/wp-json\/wp\/v2\/comments?post=370"}],"version-history":[{"count":2,"href":"https:\/\/www.faltradxxs.de\/blog\/wp-json\/wp\/v2\/posts\/370\/revisions"}],"predecessor-version":[{"id":382,"href":"https:\/\/www.faltradxxs.de\/blog\/wp-json\/wp\/v2\/posts\/370\/revisions\/382"}],"wp:featuredmedia":[{"embeddable":true,"href":"https:\/\/www.faltradxxs.de\/blog\/wp-json\/wp\/v2\/media\/381"}],"wp:attachment":[{"href":"https:\/\/www.faltradxxs.de\/blog\/wp-json\/wp\/v2\/media?parent=370"}],"wp:term":[{"taxonomy":"category","embeddable":true,"href":"https:\/\/www.faltradxxs.de\/blog\/wp-json\/wp\/v2\/categories?post=370"},{"taxonomy":"post_tag","embeddable":true,"href":"https:\/\/www.faltradxxs.de\/blog\/wp-json\/wp\/v2\/tags?post=370"}],"curies":[{"name":"wp","href":"https:\/\/api.w.org\/{rel}","templated":true}]}}