{"id":475,"date":"2018-12-17T08:03:18","date_gmt":"2018-12-17T08:03:18","guid":{"rendered":"https:\/\/www.faltradxxs.de\/blog\/?p=475"},"modified":"2019-02-07T10:02:04","modified_gmt":"2019-02-07T10:02:04","slug":"weihnachtsschnaeppchen-fuer-den-last-minute-radler-2","status":"publish","type":"post","link":"https:\/\/www.faltradxxs.de\/blog\/weihnachtsschnaeppchen-fuer-den-last-minute-radler-2\/","title":{"rendered":"Weihnachtsschn\u00e4ppchen f\u00fcr den Last Minute Radler!"},"content":{"rendered":"<p>Du brauchst noch ein Geschenk? Keine Idee? Dann schau mal im <a href=\"https:\/\/www.faltradxxs.de\/\">Shop<\/a> vorbei, wir haben vielleicht das Richtige f\u00fcr dich!<!--more--><\/p>\n<h2>Verschenke Innovation aus dem Hause Tern<\/h2>\n<p>Das Faltrad Tern Link A7 Mod. 2019 passt neben oder unter den Weihnachtsbaum, idealerweise mit einer gro\u00dfen roten Schleife kombinierbar. Das Tern Link A7 Mod. 2019 \u00fcberzeugt durch die gute Ausstattung. Bremse: Alu V-Brake, Bremshebel: Alu, Schalthebel: SHIMANO, 7-fach, Schaltwerk: SHIMANO &#8222;Tourney&#8220;, Kassette\/Ritzelpaket: SHIMANO, 14-28 Zoll u.v.m. . .<\/p>\n<figure id=\"attachment_477\" aria-describedby=\"caption-attachment-477\" style=\"width: 524px\" class=\"wp-caption alignnone\"><a href=\"https:\/\/www.faltradxxs.de\/tern-link-a7-mod-2019-midnight-grey.html\"><img loading=\"lazy\" decoding=\"async\" class=\"size-full wp-image-477\" src=\"https:\/\/www.faltradxxs.de\/blog\/wp-content\/uploads\/2018\/12\/Tern_Link.jpg\" alt=\"\" width=\"524\" height=\"376\" srcset=\"https:\/\/www.faltradxxs.de\/blog\/wp-content\/uploads\/2018\/12\/Tern_Link.jpg 524w, https:\/\/www.faltradxxs.de\/blog\/wp-content\/uploads\/2018\/12\/Tern_Link-300x215.jpg 300w\" sizes=\"auto, (max-width: 524px) 100vw, 524px\" \/><\/a><figcaption id=\"caption-attachment-477\" class=\"wp-caption-text\">Tern Link A7 Mod. 2019 midnight \/grey<\/figcaption><\/figure>\n<h2>Verschenke Sicherheit mit B&amp;M\u00a0\u00a0\u00a0 Busch &amp; M\u00fcller<\/h2>\n<p>In der D\u00e4mmerung auf Nummer Sicher fahren. Das gew\u00e4hrleistet dir das Batterielicht Set 50 Lux von B&amp;M. Damit r\u00fcstest du das Faltrad mit wenigen Handgriffen auf und bist sicher unterwegs.<\/p>\n<figure id=\"attachment_478\" aria-describedby=\"caption-attachment-478\" style=\"width: 524px\" class=\"wp-caption alignnone\"><a href=\"https:\/\/www.faltradxxs.de\/b-m-busch-mueller-batterielicht-set-50-lux.html\"><img loading=\"lazy\" decoding=\"async\" class=\"size-full wp-image-478\" src=\"https:\/\/www.faltradxxs.de\/blog\/wp-content\/uploads\/2018\/12\/BM-Busch-M\u00fcller-Batterielicht-Set-50-Lux.jpg\" alt=\"\" width=\"524\" height=\"375\" srcset=\"https:\/\/www.faltradxxs.de\/blog\/wp-content\/uploads\/2018\/12\/BM-Busch-M\u00fcller-Batterielicht-Set-50-Lux.jpg 524w, https:\/\/www.faltradxxs.de\/blog\/wp-content\/uploads\/2018\/12\/BM-Busch-M\u00fcller-Batterielicht-Set-50-Lux-300x215.jpg 300w\" sizes=\"auto, (max-width: 524px) 100vw, 524px\" \/><\/a><figcaption id=\"caption-attachment-478\" class=\"wp-caption-text\">B&amp;M Busch &amp; M\u00fcller Batterielicht Set 50 Lux<\/figcaption><\/figure>\n<h2>Verschenke einen Hut aus dem Hause ABUS<\/h2>\n<p>Innovative Fahrradhelme mit hohem Tragekomfort und individueller Kopfanpassung, das ist ABUS. Qualit\u00e4t, Tragekomfort gepaart mit Langlebigkeit und Sicherheit.<\/p>\n<figure id=\"attachment_479\" aria-describedby=\"caption-attachment-479\" style=\"width: 524px\" class=\"wp-caption alignnone\"><a href=\"https:\/\/www.faltradxxs.de\/1603-Zubehoer\/2140-Helme\/2255-Abus-Helme\/\"><img loading=\"lazy\" decoding=\"async\" class=\"size-full wp-image-479\" src=\"https:\/\/www.faltradxxs.de\/blog\/wp-content\/uploads\/2018\/12\/helm_Kai.jpg\" alt=\"\" width=\"524\" height=\"391\" srcset=\"https:\/\/www.faltradxxs.de\/blog\/wp-content\/uploads\/2018\/12\/helm_Kai.jpg 524w, https:\/\/www.faltradxxs.de\/blog\/wp-content\/uploads\/2018\/12\/helm_Kai-300x224.jpg 300w\" sizes=\"auto, (max-width: 524px) 100vw, 524px\" \/><\/a><figcaption id=\"caption-attachment-479\" class=\"wp-caption-text\">Abus Aventor Fahrradhelm<\/figcaption><\/figure>\n<p>. . . noch weitere tolle Geschenke findest du bei uns im Shop, klick dich jetzt durch!<\/p>\n","protected":false},"excerpt":{"rendered":"<p>Du brauchst noch ein Geschenk? Keine Idee? Dann schau mal im Shop vorbei, wir haben vielleicht das Richtige f\u00fcr dich!<\/p>\n","protected":false},"author":3,"featured_media":476,"comment_status":"closed","ping_status":"closed","sticky":false,"template":"","format":"standard","meta":{"footnotes":""},"categories":[8,7],"tags":[],"class_list":["post-475","post","type-post","status-publish","format-standard","has-post-thumbnail","hentry","category-aktuelles","category-tipps-und-trends"],"aioseo_notices":[],"_links":{"self":[{"href":"https:\/\/www.faltradxxs.de\/blog\/wp-json\/wp\/v2\/posts\/475","targetHints":{"allow":["GET"]}}],"collection":[{"href":"https:\/\/www.faltradxxs.de\/blog\/wp-json\/wp\/v2\/posts"}],"about":[{"href":"https:\/\/www.faltradxxs.de\/blog\/wp-json\/wp\/v2\/types\/post"}],"author":[{"embeddable":true,"href":"https:\/\/www.faltradxxs.de\/blog\/wp-json\/wp\/v2\/users\/3"}],"replies":[{"embeddable":true,"href":"https:\/\/www.faltradxxs.de\/blog\/wp-json\/wp\/v2\/comments?post=475"}],"version-history":[{"count":7,"href":"https:\/\/www.faltradxxs.de\/blog\/wp-json\/wp\/v2\/posts\/475\/revisions"}],"predecessor-version":[{"id":524,"href":"https:\/\/www.faltradxxs.de\/blog\/wp-json\/wp\/v2\/posts\/475\/revisions\/524"}],"wp:featuredmedia":[{"embeddable":true,"href":"https:\/\/www.faltradxxs.de\/blog\/wp-json\/wp\/v2\/media\/476"}],"wp:attachment":[{"href":"https:\/\/www.faltradxxs.de\/blog\/wp-json\/wp\/v2\/media?parent=475"}],"wp:term":[{"taxonomy":"category","embeddable":true,"href":"https:\/\/www.faltradxxs.de\/blog\/wp-json\/wp\/v2\/categories?post=475"},{"taxonomy":"post_tag","embeddable":true,"href":"https:\/\/www.faltradxxs.de\/blog\/wp-json\/wp\/v2\/tags?post=475"}],"curies":[{"name":"wp","href":"https:\/\/api.w.org\/{rel}","templated":true}]}}