{"id":587,"date":"2019-07-11T09:29:51","date_gmt":"2019-07-11T09:29:51","guid":{"rendered":"https:\/\/www.faltradxxs.de\/blog\/?p=587"},"modified":"2019-07-11T09:29:59","modified_gmt":"2019-07-11T09:29:59","slug":"mit-dem-faltrad-durch-das-wilde-ruhrgebiet","status":"publish","type":"post","link":"https:\/\/www.faltradxxs.de\/blog\/mit-dem-faltrad-durch-das-wilde-ruhrgebiet\/","title":{"rendered":"Mit dem Faltrad durch das wilde Ruhrgebiet!"},"content":{"rendered":"<p>Was haben \u00c4gypten, Mallorca oder die T\u00fcrkei mit den Faltrad-<a href=\"https:\/\/www.faltradxxs.de\/1603-Zubehr\/2068-Tern-Dahon\/2296-Taschen-Krbe\/\">Gep\u00e4cktr\u00e4gern\/K\u00f6rben<\/a> von Rixen&amp;Kaul zu tun?<br>Richtig, gar nix. Denn du bist der stylische\/trendige Typ und der neue Trend geht hinaus vor die eigene T\u00fcr. Die Stadt Palma kennst du doch eh schon, aber Fr\u00f6ndenberg und Raesfeld willst du jetzt mit deinem Faltrad erobern. Gep\u00e4ck? Kein Problem mit den Gep\u00e4cktr\u00e4gern und K\u00f6rben von Rixen&amp;Kaul.<!--more--><\/p>\n\n\n<figure class=\"wp-block-image is-resized\"><img loading=\"lazy\" decoding=\"async\" src=\"https:\/\/www.faltradxxs.de\/blog\/wp-content\/uploads\/2019\/07\/front_kiste.jpg\" alt=\"\" class=\"wp-image-589\" width=\"439\" height=\"332\" srcset=\"https:\/\/www.faltradxxs.de\/blog\/wp-content\/uploads\/2019\/07\/front_kiste.jpg 578w, https:\/\/www.faltradxxs.de\/blog\/wp-content\/uploads\/2019\/07\/front_kiste-300x227.jpg 300w\" sizes=\"auto, (max-width: 439px) 100vw, 439px\" \/><figcaption>  <br> <a href=\"https:\/\/www.faltradxxs.de\/rixen-kaul-front-kiste-aus-wasserfestem-birkenholz.html\">Rixen&amp;Kaul Front Kiste<\/a><\/figcaption><\/figure>\n\n\n<h2>Must have, die Rixen&amp;Kaul Front Kiste!<\/h2>\n<p>Die extra gro\u00dfe Radkiste ist besonders gut geeignet f\u00fcr deinen Frontgep\u00e4cktr\u00e4ger. Einfach in der Handhabung durch die KorbKlip Schnellbefestigung. Die <a href=\"https:\/\/www.faltradxxs.de\/rixen-kaul-front-kiste-aus-wasserfestem-birkenholz.html\">Rixen&amp;Kaul Front Kiste<\/a> kann auf Gep\u00e4cktr\u00e4ger von 9-40 cm Breite und mit \u00d8 10-16 mm montiert werden. Die Kiste besteht aus wetterfestem, beschichtetem Birkenholz. <a href=\"https:\/\/www.faltradxxs.de\/rixen-kaul-front-kiste-aus-wasserfestem-birkenholz.html\">Die K\u00f6rbe<\/a> werden flach verpackt ausgeliefert und lassen sich blitzschnell ohne Werkzeug zusammenstecken. Alle Komponenten sind zu 100% in Deutschland hergestellt.<\/p>\n\n\n<figure class=\"wp-block-image is-resized\"><img loading=\"lazy\" decoding=\"async\" src=\"https:\/\/www.faltradxxs.de\/blog\/wp-content\/uploads\/2019\/07\/korb.jpg\" alt=\"\" class=\"wp-image-590\" width=\"447\" height=\"330\" srcset=\"https:\/\/www.faltradxxs.de\/blog\/wp-content\/uploads\/2019\/07\/korb.jpg 571w, https:\/\/www.faltradxxs.de\/blog\/wp-content\/uploads\/2019\/07\/korb-300x222.jpg 300w\" sizes=\"auto, (max-width: 447px) 100vw, 447px\" \/><figcaption><a href=\"https:\/\/www.faltradxxs.de\/rixen-kaul-aluminium-einkaufskorb-seewasserfest-mit-schnellverschluss-21-liter.html\">Rixen&amp;Kaul Aluminium Einkaufskorb<\/a><\/figcaption><\/figure>\n\n\n<h2>Wow, der Rixen&amp;Kaul Aluminium Einkaufskorb!<\/h2>\n<p>Wenn du einen Tr\u00e4ger mit Breite 9-16 cm und \u00d8 10-16 mm hast, bist du startbereit. Denn dies ist das geforderte Ma\u00df f\u00fcr den Rixen&amp;Kaul <a href=\"https:\/\/www.faltradxxs.de\/rixen-kaul-aluminium-einkaufskorb-seewasserfest-mit-schnellverschluss-21-liter.html\">Aluminium Einkaufskorb<\/a>. Der formsch\u00f6ne und sehr hochwertige Aluminiumkorb ist Matt schwarz mit einem Boden aus lackiertem Bambusholz. Der praktische Tragegriff ist mit weichem Schaumstoff ummantelt. Pssst . . . durch die extra breite Form sind <a href=\"https:\/\/www.faltradxxs.de\/rixen-kaul-aluminium-einkaufskorb-seewasserfest-mit-schnellverschluss-21-liter.html\">diese K\u00f6rbe<\/a> auch auf Frontgep\u00e4cktr\u00e4gern verwendbar.<\/p>\n\n\n<figure class=\"wp-block-image is-resized\"><img loading=\"lazy\" decoding=\"async\" src=\"https:\/\/www.faltradxxs.de\/blog\/wp-content\/uploads\/2019\/07\/rackpack.jpg\" alt=\"\" class=\"wp-image-591\" width=\"451\" height=\"420\" srcset=\"https:\/\/www.faltradxxs.de\/blog\/wp-content\/uploads\/2019\/07\/rackpack.jpg 604w, https:\/\/www.faltradxxs.de\/blog\/wp-content\/uploads\/2019\/07\/rackpack-300x280.jpg 300w\" sizes=\"auto, (max-width: 451px) 100vw, 451px\" \/><figcaption> <a href=\"https:\/\/www.faltradxxs.de\/rixen-kaul-klickfix-rackpack-gr-2-mit-flaschenhalterung.html\">Rixen&amp;Kaul Rackpack<\/a><\/figcaption><\/figure>\n\n\n\n<h2 class=\"wp-block-heading\">Oh\u2026Yes\u2026, das Rixen&amp;Kaul Rackpack!<\/h2>\n\n\n\n<p>Deine neue <a href=\"https:\/\/www.faltradxxs.de\/rixen-kaul-klickfix-rackpack-gr-2-mit-flaschenhalterung.html\">Gep\u00e4cktr\u00e4gertasche<\/a> ist mit einer ausklappbaren Seitentasche versehen. Besticht durch ihre schlichte und \u00fcberaus funktionelle Tasche. Mit ihren gepolsterten Seitenw\u00e4nde ist dein Hab und Gut super gesch\u00fctzt. Der <a href=\"https:\/\/www.faltradxxs.de\/rixen-kaul-klickfix-rackpack-gr-2-mit-flaschenhalterung.html\">Taschendeckel<\/a> kann komplett aufgeklappt werden. Dadurch ist das Hauptfach sehr gut zug\u00e4nglich. Das halbrunde Fach im hinteren Bereich kann f\u00fcr eine Trinkflasche genutzt werden. <\/p>\n\n\n\n<figure class=\"wp-block-image is-resized\"><img loading=\"lazy\" decoding=\"async\" src=\"https:\/\/www.faltradxxs.de\/blog\/wp-content\/uploads\/2019\/07\/air_zelt.jpg\" alt=\"\" class=\"wp-image-592\" width=\"449\" height=\"426\" srcset=\"https:\/\/www.faltradxxs.de\/blog\/wp-content\/uploads\/2019\/07\/air_zelt.jpg 573w, https:\/\/www.faltradxxs.de\/blog\/wp-content\/uploads\/2019\/07\/air_zelt-300x285.jpg 300w\" sizes=\"auto, (max-width: 449px) 100vw, 449px\" \/><figcaption><a href=\"https:\/\/www.zeldi.de\/zempire-aero-tm-lite-familienzelt-comfort-package-deal.html\">Zempire Aero<\/a><\/figcaption><\/figure>\n\n\n\n<h2 class=\"wp-block-heading\">\u00dcbernachten? <\/h2>\n\n\n\n<p>Klar aber doch schnell und Trendig! Mit dem <a href=\"https:\/\/www.zeldi.de\/zempire-aero-tm-lite-familienzelt-comfort-package-deal.html\">Zempire Aero TM L<\/a>ite Familienzelt und mit dem Comfort Package Deal, der noch bis Ende August gilt, machst du noch einen zus\u00e4tzlichen Schnapper!<\/p>\n\n\n<p>Jetzt noch ein Wort unter uns Faltern, nat\u00fcrlich kannst du auch weiterhin nach \u00c4gypten, Mallorca und Co. reisen, falls du dein Faltrad dabeihaben solltest, dann schick uns doch ein paar Fotos. Das w\u00e4re genial!<\/p>\n<p>Noch ein kleiner Faltrad Tipp:<br>Erst einmal zum warmfaltradeln!<\/p>\n\n\n<figure class=\"wp-block-image is-resized\"><img loading=\"lazy\" decoding=\"async\" src=\"https:\/\/www.faltradxxs.de\/blog\/wp-content\/uploads\/2019\/07\/route.jpg\" alt=\"\" class=\"wp-image-594\" width=\"477\" height=\"308\" srcset=\"https:\/\/www.faltradxxs.de\/blog\/wp-content\/uploads\/2019\/07\/route.jpg 582w, https:\/\/www.faltradxxs.de\/blog\/wp-content\/uploads\/2019\/07\/route-300x194.jpg 300w\" sizes=\"auto, (max-width: 477px) 100vw, 477px\" \/><figcaption><a href=\"https:\/\/www.lhmarketing.de\/fahrradtour\/thementouren\/l%C3%BCdinghauser-acht-stadtrundkurs\/\">L\u00fcdinghauser Acht<\/a><\/figcaption><\/figure>\n","protected":false},"excerpt":{"rendered":"<p>Was haben \u00c4gypten, Mallorca oder die T\u00fcrkei mit den Faltrad-Gep\u00e4cktr\u00e4gern\/K\u00f6rben von Rixen&amp;Kaul zu tun?Richtig, gar nix. Denn du bist der stylische\/trendige Typ und der neue Trend geht hinaus vor die eigene T\u00fcr. Die Stadt Palma kennst du doch eh schon, aber Fr\u00f6ndenberg und Raesfeld willst du jetzt mit deinem Faltrad erobern. Gep\u00e4ck? Kein Problem mit &hellip; <\/p>\n<p class=\"link-more\"><a href=\"https:\/\/www.faltradxxs.de\/blog\/mit-dem-faltrad-durch-das-wilde-ruhrgebiet\/\" class=\"more-link\">Continue reading<span class=\"screen-reader-text\"> &#8222;Mit dem Faltrad durch das wilde Ruhrgebiet!&#8220;<\/span><\/a><\/p>\n","protected":false},"author":3,"featured_media":597,"comment_status":"closed","ping_status":"closed","sticky":false,"template":"","format":"standard","meta":{"footnotes":""},"categories":[8,7],"tags":[24,37,14,33,32,34,38,36,31,39,35,40,41],"class_list":["post-587","post","type-post","status-publish","format-standard","has-post-thumbnail","hentry","category-aktuelles","category-tipps-und-trends","tag-einkaufskorb","tag-falter","tag-faltrad","tag-faltrad-koerbe","tag-faltrad-taschen","tag-koerbe","tag-radler","tag-reisen","tag-rixenkaul","tag-ruhrgebiet","tag-taschen","tag-tour-de-rour","tag-wildes-ruhrgebiet"],"aioseo_notices":[],"_links":{"self":[{"href":"https:\/\/www.faltradxxs.de\/blog\/wp-json\/wp\/v2\/posts\/587","targetHints":{"allow":["GET"]}}],"collection":[{"href":"https:\/\/www.faltradxxs.de\/blog\/wp-json\/wp\/v2\/posts"}],"about":[{"href":"https:\/\/www.faltradxxs.de\/blog\/wp-json\/wp\/v2\/types\/post"}],"author":[{"embeddable":true,"href":"https:\/\/www.faltradxxs.de\/blog\/wp-json\/wp\/v2\/users\/3"}],"replies":[{"embeddable":true,"href":"https:\/\/www.faltradxxs.de\/blog\/wp-json\/wp\/v2\/comments?post=587"}],"version-history":[{"count":4,"href":"https:\/\/www.faltradxxs.de\/blog\/wp-json\/wp\/v2\/posts\/587\/revisions"}],"predecessor-version":[{"id":598,"href":"https:\/\/www.faltradxxs.de\/blog\/wp-json\/wp\/v2\/posts\/587\/revisions\/598"}],"wp:featuredmedia":[{"embeddable":true,"href":"https:\/\/www.faltradxxs.de\/blog\/wp-json\/wp\/v2\/media\/597"}],"wp:attachment":[{"href":"https:\/\/www.faltradxxs.de\/blog\/wp-json\/wp\/v2\/media?parent=587"}],"wp:term":[{"taxonomy":"category","embeddable":true,"href":"https:\/\/www.faltradxxs.de\/blog\/wp-json\/wp\/v2\/categories?post=587"},{"taxonomy":"post_tag","embeddable":true,"href":"https:\/\/www.faltradxxs.de\/blog\/wp-json\/wp\/v2\/tags?post=587"}],"curies":[{"name":"wp","href":"https:\/\/api.w.org\/{rel}","templated":true}]}}