{"id":636,"date":"2019-11-26T09:54:17","date_gmt":"2019-11-26T09:54:17","guid":{"rendered":"https:\/\/www.faltradxxs.de\/blog\/?p=636"},"modified":"2019-11-26T10:51:23","modified_gmt":"2019-11-26T10:51:23","slug":"bike-friday-2","status":"publish","type":"post","link":"https:\/\/www.faltradxxs.de\/blog\/bike-friday-2\/","title":{"rendered":"Bike Friday!"},"content":{"rendered":"<p>Eins, zwei, drei \u2026 der <a href=\"https:\/\/www.faltradxxs.de\/2574-Bike-Friday-Sale\/\">Bike Friday<\/a> Countdown l\u00e4uft!<\/p>\n<p>Schau vorbei und spare beim Bike Friday bis zu 65 % auf bew\u00e4hrte Marken. Vom 25.11. bis zum 02.12.2019 sensationelle Marken zu sensationellen Preisen. Auf geht\u2019s zum Shop denn B&amp;W, Tern, Brooks und Co. warten schon auf dich.<!--more--><\/p>\n\n\n<figure class=\"wp-block-image\"><img loading=\"lazy\" decoding=\"async\" width=\"567\" height=\"423\" src=\"https:\/\/www.faltradxxs.de\/blog\/wp-content\/uploads\/2019\/11\/Tern_dunkelrot.jpg\" alt=\"\" class=\"wp-image-638\" srcset=\"https:\/\/www.faltradxxs.de\/blog\/wp-content\/uploads\/2019\/11\/Tern_dunkelrot.jpg 567w, https:\/\/www.faltradxxs.de\/blog\/wp-content\/uploads\/2019\/11\/Tern_dunkelrot-300x224.jpg 300w\" sizes=\"auto, (max-width: 567px) 100vw, 567px\" \/><figcaption><a href=\"http:\/\/ Tern BIKE FRIDAY Link C8 Licht Dunkelrot\"> &nbsp;<\/a><a href=\"https:\/\/www.faltradxxs.de\/2574-Bike-Friday-Sale\/\">Tern BIKE FRIDAY Link C8 Licht Dunkelrot <\/a><\/figcaption><\/figure>\n\n\n<h2>TERN Link C8 in Dunkelrot<\/h2>\n<p>Genauso exzellente Qualit\u00e4t wie seine Geschwister der Link Reihe doch durch seine Ausstattung besonders!<br>Durch problemlose Faltbarkeit trotz Gep\u00e4cktr\u00e4ger und Beleuchtung verknoten sich hier keine Kabel. Durch<br>den stabilen Gep\u00e4cktr\u00e4ger ist das <a href=\"https:\/\/www.faltradxxs.de\/2574-Bike-Friday-Sale\/\">Tern Link C8<\/a> ein das ideale Faltrad f\u00fcr jeden, der gerne mit dem<a href=\"https:\/\/www.faltradxxs.de\/tern-link-c8-licht-dunkelrot-aktion.html\"> Faltrad<\/a><br>einkaufen f\u00e4hrt. Dazu kommt eine Beleuchtung, welche die Nacht erhellt. Perfekt geeignet f\u00fcr eine Runde<br>in der D\u00e4mmerung und dank dem ansprechenden Design auf jedem Terrain ein Hingucker.<\/p>\n<p><\/p>\n\n\n<figure class=\"wp-block-image\"><img loading=\"lazy\" decoding=\"async\" width=\"585\" height=\"420\" src=\"https:\/\/www.faltradxxs.de\/blog\/wp-content\/uploads\/2019\/11\/packtasche.jpg\" alt=\"\" class=\"wp-image-642\" srcset=\"https:\/\/www.faltradxxs.de\/blog\/wp-content\/uploads\/2019\/11\/packtasche.jpg 585w, https:\/\/www.faltradxxs.de\/blog\/wp-content\/uploads\/2019\/11\/packtasche-300x215.jpg 300w\" sizes=\"auto, (max-width: 585px) 100vw, 585px\" \/><figcaption> <a href=\"https:\/\/www.faltradxxs.de\/2574-Bike-Friday-Sale\/\">B&amp;W BIKE FRIDAY Transporttasche Size M (20 Zoll) <\/a><\/figcaption><\/figure>\n\n\n<h2>B&amp;W Tasche Size Medium 20 Zoll<\/h2>\n<p><a href=\"https:\/\/www.faltradxxs.de\/2574-Bike-Friday-Sale\/\">Transporttasche<\/a> aus dickem Polyestergewebe.<\/p>\n<p>Mit groben Rei\u00dfverschl\u00fcssen und 6 Bodenschutz-Leisten .<\/p>\n<p>In diese Tasche passen alle Faltr\u00e4der von Tern und Dahon mit 20 Zoll Gr\u00f6sse.<\/p>\n\n\n<figure class=\"wp-block-image\"><img loading=\"lazy\" decoding=\"async\" width=\"585\" height=\"432\" src=\"https:\/\/www.faltradxxs.de\/blog\/wp-content\/uploads\/2019\/11\/tern_verge.jpg\" alt=\"\" class=\"wp-image-643\" srcset=\"https:\/\/www.faltradxxs.de\/blog\/wp-content\/uploads\/2019\/11\/tern_verge.jpg 585w, https:\/\/www.faltradxxs.de\/blog\/wp-content\/uploads\/2019\/11\/tern_verge-300x222.jpg 300w\" sizes=\"auto, (max-width: 585px) 100vw, 585px\" \/><figcaption><a href=\"https:\/\/www.faltradxxs.de\/2574-Bike-Friday-Sale\/\">Tern Verge X11<\/a><\/figcaption><\/figure>\n\n\n<h2>TERN Verge X11 der Rennfahrer<\/h2>\n<p>Die neue Referenz unter den sportlichen Faltr\u00e4dern: <a href=\"https:\/\/www.faltradxxs.de\/2574-Bike-Friday-Sale\/\">das X11<\/a> l\u00e4sst keine W\u00fcnsche offen, wenn es darum geht, Sportlichkeit &amp; kompakte Abmessungen in einem Fahrrad&nbsp; zu vereinen. Ausgestattet mit SRAM Force X1 11-fach -Schaltung, Carbonkurbel und Scheibenbremsen, spricht das Verge X11 auch besonders sportliche Fahrer an. Der neue T-Tuned Rahmen mit Tarsus Aerogabel verschafft dem <a href=\"https:\/\/www.faltradxxs.de\/2574-Bike-Friday-Sale\/\">Verge X11 e<\/a>inen sp\u00fcrbaren Vorteil durch geringeres Gewicht und ein optimiertes Handling.<\/p>\n<p>BIKE FRIDAY, GENAU DEI DING!<\/p>\n<p><a href=\"https:\/\/www.faltradxxs.de\/2574-Bike-Friday-Sale\/\">Come in and bike out!<\/a><\/p>\n\n","protected":false},"excerpt":{"rendered":"<p>Tern, Black Friday, Sale, Sparen, G\u00fcnstig, Faltrad, gep\u00e4cktr\u00e4ger<\/p>\n","protected":false},"author":3,"featured_media":639,"comment_status":"closed","ping_status":"closed","sticky":false,"template":"","format":"standard","meta":{"footnotes":""},"categories":[8,7],"tags":[],"class_list":["post-636","post","type-post","status-publish","format-standard","has-post-thumbnail","hentry","category-aktuelles","category-tipps-und-trends"],"aioseo_notices":[],"_links":{"self":[{"href":"https:\/\/www.faltradxxs.de\/blog\/wp-json\/wp\/v2\/posts\/636","targetHints":{"allow":["GET"]}}],"collection":[{"href":"https:\/\/www.faltradxxs.de\/blog\/wp-json\/wp\/v2\/posts"}],"about":[{"href":"https:\/\/www.faltradxxs.de\/blog\/wp-json\/wp\/v2\/types\/post"}],"author":[{"embeddable":true,"href":"https:\/\/www.faltradxxs.de\/blog\/wp-json\/wp\/v2\/users\/3"}],"replies":[{"embeddable":true,"href":"https:\/\/www.faltradxxs.de\/blog\/wp-json\/wp\/v2\/comments?post=636"}],"version-history":[{"count":7,"href":"https:\/\/www.faltradxxs.de\/blog\/wp-json\/wp\/v2\/posts\/636\/revisions"}],"predecessor-version":[{"id":648,"href":"https:\/\/www.faltradxxs.de\/blog\/wp-json\/wp\/v2\/posts\/636\/revisions\/648"}],"wp:featuredmedia":[{"embeddable":true,"href":"https:\/\/www.faltradxxs.de\/blog\/wp-json\/wp\/v2\/media\/639"}],"wp:attachment":[{"href":"https:\/\/www.faltradxxs.de\/blog\/wp-json\/wp\/v2\/media?parent=636"}],"wp:term":[{"taxonomy":"category","embeddable":true,"href":"https:\/\/www.faltradxxs.de\/blog\/wp-json\/wp\/v2\/categories?post=636"},{"taxonomy":"post_tag","embeddable":true,"href":"https:\/\/www.faltradxxs.de\/blog\/wp-json\/wp\/v2\/tags?post=636"}],"curies":[{"name":"wp","href":"https:\/\/api.w.org\/{rel}","templated":true}]}}